{"id":3240,"date":"2025-07-07T14:50:28","date_gmt":"2025-07-07T14:50:28","guid":{"rendered":"https:\/\/www.koreneakotvy.eu\/?p=3240"},"modified":"2025-07-07T21:31:16","modified_gmt":"2025-07-07T21:31:16","slug":"beno-lehotska","status":"publish","type":"post","link":"https:\/\/www.koreneakotvy.eu\/?p=3240","title":{"rendered":"M\u00f4j s\u00fakromn\u00fd z\u00e1pisn\u00edk: Be\u0148o &amp; Lehock\u00e1 &#8230;"},"content":{"rendered":"\n<p>Je to \u00fadajne vnuk, kto je nosite\u013eom ak\u00e9hosi &#8222;rodov\u00e9ho posolstva&#8220;. Ja sa vol\u00e1m <em>Pavel Be\u0148o<\/em> (nar. 1948) a som vnukom <em>Ondreja Be\u0148a<\/em> (1880-1961). To je zrejme aj t\u00e1 hlavn\u00e1 pr\u00ed\u010dina, pre\u010do sa na t\u00fdchto webov\u00fdch str\u00e1nkach vyskytuje predov\u0161etk\u00fdm meno <em>Be\u0148o.<\/em><\/p>\n\n\n\n<p>Ale nebolo by v\u00f4bec spravodliv\u00e9, keby tu nebola spomenut\u00e1 aj man\u017eelka m\u00f4jho otca a moja mama, ktor\u00e1 sa volala <em><strong>Lehock\u00e1<\/strong><\/em> (krsten\u00e1 v Ma\u010farsku v roku 1917 ako <strong><em>Lehoczky<\/em><\/strong>).<\/p>\n\n\n<div class=\"wp-block-image\">\n<figure class=\"aligncenter size-large is-resized\"><img loading=\"lazy\" decoding=\"async\" width=\"1024\" height=\"768\" src=\"https:\/\/www.koreneakotvy.eu\/wp-content\/uploads\/2025\/07\/mama-1024x768.jpg\" alt=\"\" class=\"wp-image-3245\" style=\"width:472px;height:auto\" srcset=\"https:\/\/www.koreneakotvy.eu\/wp-content\/uploads\/2025\/07\/mama-1024x768.jpg 1024w, https:\/\/www.koreneakotvy.eu\/wp-content\/uploads\/2025\/07\/mama-300x225.jpg 300w, https:\/\/www.koreneakotvy.eu\/wp-content\/uploads\/2025\/07\/mama-768x576.jpg 768w, https:\/\/www.koreneakotvy.eu\/wp-content\/uploads\/2025\/07\/mama-1536x1152.jpg 1536w, https:\/\/www.koreneakotvy.eu\/wp-content\/uploads\/2025\/07\/mama-2048x1536.jpg 2048w, https:\/\/www.koreneakotvy.eu\/wp-content\/uploads\/2025\/07\/mama-80x60.jpg 80w\" sizes=\"auto, (max-width: 1024px) 100vw, 1024px\" \/><figcaption class=\"wp-element-caption\"><strong><em>Al\u017ebeta Be\u0148ov\u00e1, rod. Lehock\u00e1 (1917-2007)<\/em><\/strong><\/figcaption><\/figure>\n<\/div>\n\n\n<p><\/p>\n\n\n<div class=\"wp-block-image\">\n<figure class=\"alignleft size-large is-resized\"><img loading=\"lazy\" decoding=\"async\" width=\"692\" height=\"1024\" src=\"https:\/\/www.koreneakotvy.eu\/wp-content\/uploads\/2025\/07\/dedlehvuniforme-692x1024.jpg\" alt=\"\" class=\"wp-image-3252\" style=\"width:354px;height:auto\" srcset=\"https:\/\/www.koreneakotvy.eu\/wp-content\/uploads\/2025\/07\/dedlehvuniforme-692x1024.jpg 692w, https:\/\/www.koreneakotvy.eu\/wp-content\/uploads\/2025\/07\/dedlehvuniforme-203x300.jpg 203w, https:\/\/www.koreneakotvy.eu\/wp-content\/uploads\/2025\/07\/dedlehvuniforme-768x1136.jpg 768w, https:\/\/www.koreneakotvy.eu\/wp-content\/uploads\/2025\/07\/dedlehvuniforme-1038x1536.jpg 1038w, https:\/\/www.koreneakotvy.eu\/wp-content\/uploads\/2025\/07\/dedlehvuniforme-1385x2048.jpg 1385w, https:\/\/www.koreneakotvy.eu\/wp-content\/uploads\/2025\/07\/dedlehvuniforme-41x60.jpg 41w, https:\/\/www.koreneakotvy.eu\/wp-content\/uploads\/2025\/07\/dedlehvuniforme-scaled.jpg 1731w\" sizes=\"auto, (max-width: 692px) 100vw, 692px\" \/><figcaption class=\"wp-element-caption\"><strong><em>J\u00e1n Lehock\u00fd ako voj\u00e1k v 1. svetovej vojne &#8211; niekde v Dalm\u00e1cii &#8230;<\/em><\/strong><\/figcaption><\/figure>\n<\/div>\n\n\n<p>Star\u00fd otec z maminej strany <em>J\u00e1n Lehock\u00fd<\/em> zomrel v roku 1939, tak\u017ee si ho nem\u00f4\u017eem pam\u00e4ta\u0165. V 1. svetovej vojne sl\u00fa\u017eil ako voj\u00e1k v Dalm\u00e1cii, kde ochorel na mal\u00e1riu, s ktorou potom z\u00e1pasil po cel\u00fd zbytok \u017eivota.<\/p>\n\n\n<div class=\"wp-block-image\">\n<figure class=\"alignright size-full is-resized\"><img loading=\"lazy\" decoding=\"async\" width=\"273\" height=\"300\" src=\"https:\/\/www.koreneakotvy.eu\/wp-content\/uploads\/2025\/07\/dedlehv-273x300-1.jpg\" alt=\"\" class=\"wp-image-3253\" style=\"width:234px;height:auto\" srcset=\"https:\/\/www.koreneakotvy.eu\/wp-content\/uploads\/2025\/07\/dedlehv-273x300-1.jpg 273w, https:\/\/www.koreneakotvy.eu\/wp-content\/uploads\/2025\/07\/dedlehv-273x300-1-55x60.jpg 55w\" sizes=\"auto, (max-width: 273px) 100vw, 273px\" \/><figcaption class=\"wp-element-caption\"><strong><em>J\u00e1n Lehock\u00fd, (1885 &#8211; 1939)<\/em><\/strong><\/figcaption><\/figure>\n<\/div>\n\n\n<p><\/p>\n\n\n\n<p><\/p>\n\n\n\n<p><\/p>\n\n\n\n<p><\/p>\n\n\n\n<p><\/p>\n\n\n\n<p><\/p>\n\n\n\n<p><\/p>\n\n\n\n<p><\/p>\n\n\n\n<p>Zato star\u00fa mamu (<em>mamu-star\u00fa<\/em>) Al\u017ebetu Lehock\u00fa rod. L\u00e1sikov\u00fa si pam\u00e4t\u00e1m celkom dobre, lebo sa aj oba pres\u00eddlila v roku 1947 z T\u00f3tkoml\u00f3\u0161u do Mat\u00fa\u0161kova (vtedy Tak\u0161o\u0148), kde som sa ja narodil a kde \u017eili aj moji rodi\u010dia.<\/p>\n\n\n\n<p>A toto je posledn\u00e1 spolo\u010dn\u00e1 fotka pred pres\u00eddlen\u00edm do \u010cSR v roku 1947. Star\u00e1 mama Al\u017ebeta Lehotsk\u00e1 sed\u00ed uprostred v prvom rade a na kolen\u00e1ch jej sed\u00ed mal\u00fd vnuk Ondr\u00edk Lehock\u00fd. Ten sa nepres\u00eddlil a zostal aj so svojimi rodi\u010dmi &#8211; Ondrejom a M\u00e1riou rod. Machanovou (na sn\u00edmku \u00faplne v\u013eavo)  &#8211; v Ma\u010farsku. Rovnako aj vnu\u010dka Anka (nad starou mamou vpravo) s rodi\u010dmi Matejom Lehock\u00fdm a Annou rod. Pip\u00ed\u0161ovou, ktor\u00ed s\u00fa na tejto sn\u00edmke ved\u013ea nej. V\u0161etci ostatn\u00ed &#8211; syn Pavel s nevestou Al\u017ebetou rod. Karku\u0161ovou na sn\u00edmku celkom vpravo), dc\u00e9ra Al\u017ebeta s man\u017eelom Pavlom, Be\u0148om a vnu\u010dkou Al\u017ebetou (Erkou), na sn\u00edmku ju vid\u00edme st\u00e1\u0165 ved\u013ea sesternice Anky v druhom rade vpravo, a najmlad\u0161\u00edm synom \u0160tefanom (na sn\u00edmku stoj\u00ed v hornom rade uprostred) &#8211; sa spolu so starou mamou pres\u00eddlili v r\u00e1mci tzv. V\u017emeny obyvate\u013estva&#8230; v roku 1947 na Ju\u017en\u00e9 Slovensko.<\/p>\n\n\n\n<figure class=\"wp-block-image size-large\"><img loading=\"lazy\" decoding=\"async\" width=\"1024\" height=\"579\" src=\"https:\/\/www.koreneakotvy.eu\/wp-content\/uploads\/2025\/07\/rodlehzenisianevesty-1024x579.jpg\" alt=\"\" class=\"wp-image-3272\" srcset=\"https:\/\/www.koreneakotvy.eu\/wp-content\/uploads\/2025\/07\/rodlehzenisianevesty-1024x579.jpg 1024w, https:\/\/www.koreneakotvy.eu\/wp-content\/uploads\/2025\/07\/rodlehzenisianevesty-300x170.jpg 300w, https:\/\/www.koreneakotvy.eu\/wp-content\/uploads\/2025\/07\/rodlehzenisianevesty-768x434.jpg 768w, https:\/\/www.koreneakotvy.eu\/wp-content\/uploads\/2025\/07\/rodlehzenisianevesty-1536x868.jpg 1536w, https:\/\/www.koreneakotvy.eu\/wp-content\/uploads\/2025\/07\/rodlehzenisianevesty-2048x1157.jpg 2048w, https:\/\/www.koreneakotvy.eu\/wp-content\/uploads\/2025\/07\/rodlehzenisianevesty-106x60.jpg 106w\" sizes=\"auto, (max-width: 1024px) 100vw, 1024px\" \/><\/figure>\n\n\n\n<p>Ale a\u017e v roku 2023 sa mi dostala do ruky t\u00e1to fotografia, na ktore ch\u00fdba najstar\u0161\u00ed syn Matej, tak\u017ee v pr\u00edpade hornej fotografie ide o fotomont\u00e1\u017e&#8230; Tak\u017ee ako to vlastne bolo?<\/p>\n\n\n<div class=\"wp-block-image\">\n<figure class=\"aligncenter size-large\"><img loading=\"lazy\" decoding=\"async\" width=\"1024\" height=\"692\" src=\"https:\/\/www.koreneakotvy.eu\/wp-content\/uploads\/2025\/07\/fotobezmaca-1024x692.jpg\" alt=\"\" class=\"wp-image-3273\" srcset=\"https:\/\/www.koreneakotvy.eu\/wp-content\/uploads\/2025\/07\/fotobezmaca-1024x692.jpg 1024w, https:\/\/www.koreneakotvy.eu\/wp-content\/uploads\/2025\/07\/fotobezmaca-300x203.jpg 300w, https:\/\/www.koreneakotvy.eu\/wp-content\/uploads\/2025\/07\/fotobezmaca-768x519.jpg 768w, https:\/\/www.koreneakotvy.eu\/wp-content\/uploads\/2025\/07\/fotobezmaca-1536x1038.jpg 1536w, https:\/\/www.koreneakotvy.eu\/wp-content\/uploads\/2025\/07\/fotobezmaca-2048x1384.jpg 2048w, https:\/\/www.koreneakotvy.eu\/wp-content\/uploads\/2025\/07\/fotobezmaca-89x60.jpg 89w\" sizes=\"auto, (max-width: 1024px) 100vw, 1024px\" \/><figcaption class=\"wp-element-caption\"><strong><em>P\u00f4vodn\u00e1 fotografia z roku 1947, na ktorej ch\u00fdba najstar\u0161\u00ed syn Al\u017ebety Lehockej Matej &#8230;<\/em><\/strong><\/figcaption><\/figure>\n<\/div>\n\n\n<p><strong><em>Ak V\u00e1s zauj\u00edma pokra\u010dovanie a  \u010fal\u0161\u00ed obsah M\u00f4jho s\u00fakromn\u00e9ho z\u00e1pisn\u00edku <\/em>m\u00f4\u017eete ho sledova\u0165 u\u017e teraz na linku <em><a href=\"https:\/\/www.ben-y-o.net\/\">www.ben-y-o.net<\/a><\/em><\/strong> a nesk\u00f4r na <strong><em>www.lehoc-z-ky.net<\/em><\/strong>.<\/p>\n\n\n\n<p><\/p>\n","protected":false},"excerpt":{"rendered":"<p>Je to \u00fadajne vnuk, kto je nosite\u013eom ak\u00e9hosi &#8222;rodov\u00e9ho posolstva&#8220;. Ja sa vol\u00e1m Pavel Be\u0148o (nar. 1948) a som vnukom Ondreja Be\u0148a (1880-1961). To je zrejme aj t\u00e1 hlavn\u00e1 pr\u00ed\u010dina, pre\u010do sa na t\u00fdchto webov\u00fdch str\u00e1nkach vyskytuje predov\u0161etk\u00fdm meno Be\u0148o. Ale nebolo by v\u00f4bec spravodliv\u00e9, keby tu nebola spomenut\u00e1 aj man\u017eelka m\u00f4jho otca a moja &hellip; <\/p>\n","protected":false},"author":1,"featured_media":3241,"comment_status":"open","ping_status":"open","sticky":false,"template":"","format":"standard","meta":{"footnotes":""},"categories":[1],"tags":[],"class_list":["post-3240","post","type-post","status-publish","format-standard","has-post-thumbnail","hentry","category-uncategorized","latest_post"],"_links":{"self":[{"href":"https:\/\/www.koreneakotvy.eu\/index.php?rest_route=\/wp\/v2\/posts\/3240","targetHints":{"allow":["GET"]}}],"collection":[{"href":"https:\/\/www.koreneakotvy.eu\/index.php?rest_route=\/wp\/v2\/posts"}],"about":[{"href":"https:\/\/www.koreneakotvy.eu\/index.php?rest_route=\/wp\/v2\/types\/post"}],"author":[{"embeddable":true,"href":"https:\/\/www.koreneakotvy.eu\/index.php?rest_route=\/wp\/v2\/users\/1"}],"replies":[{"embeddable":true,"href":"https:\/\/www.koreneakotvy.eu\/index.php?rest_route=%2Fwp%2Fv2%2Fcomments&post=3240"}],"version-history":[{"count":21,"href":"https:\/\/www.koreneakotvy.eu\/index.php?rest_route=\/wp\/v2\/posts\/3240\/revisions"}],"predecessor-version":[{"id":3282,"href":"https:\/\/www.koreneakotvy.eu\/index.php?rest_route=\/wp\/v2\/posts\/3240\/revisions\/3282"}],"wp:featuredmedia":[{"embeddable":true,"href":"https:\/\/www.koreneakotvy.eu\/index.php?rest_route=\/wp\/v2\/media\/3241"}],"wp:attachment":[{"href":"https:\/\/www.koreneakotvy.eu\/index.php?rest_route=%2Fwp%2Fv2%2Fmedia&parent=3240"}],"wp:term":[{"taxonomy":"category","embeddable":true,"href":"https:\/\/www.koreneakotvy.eu\/index.php?rest_route=%2Fwp%2Fv2%2Fcategories&post=3240"},{"taxonomy":"post_tag","embeddable":true,"href":"https:\/\/www.koreneakotvy.eu\/index.php?rest_route=%2Fwp%2Fv2%2Ftags&post=3240"}],"curies":[{"name":"wp","href":"https:\/\/api.w.org\/{rel}","templated":true}]}}