{"id":3321,"date":"2026-03-09T07:24:00","date_gmt":"2026-03-09T07:24:00","guid":{"rendered":"https:\/\/www.koreneakotvy.eu\/?p=3321"},"modified":"2026-03-09T07:39:42","modified_gmt":"2026-03-09T07:39:42","slug":"psycho-genealogicka-biograficka-analyza-p-b-a","status":"publish","type":"post","link":"https:\/\/www.koreneakotvy.eu\/?p=3321","title":{"rendered":"Psycho-genealogick\u00e1 &amp; -biografick\u00e1 anal\u00fdza (P-b-a)"},"content":{"rendered":"\n<p>Ak pripust\u00edme, \u017ee k\u013e\u00fa\u010d k rozl\u00fa\u0161teniu a poznaniu toho, \u010do b\u00fdva obvykle pova\u017eovan\u00e9 \u010di ozna\u010dovan\u00e9 ako \u201em\u00f4j osud\u201c by mohol by\u0165 \u201eza\u0161ifrovan\u00fd\u201c v \u017eivote na\u0161ich rodinn\u00fdch predkov, dostane rozmer poznania a pochopenie na\u0161ej rodinnej hist\u00f3rie celkom in\u00fa v\u00fdznamov\u00fa dimenziu.<\/p>\n\n\n\n<p>P\u00e1tranie po vlastnom p\u00f4vode a poznanie predkov je zrejme prirodzenou potrebou a s\u00fa\u010das\u0165ou \u017eivota \u010dloveka, ktor\u00e1 na\u0161la aj svoje zhmotnenie v samostanej vedeckej discipl\u00edne \u2013 geneal\u00f3gii. Ale nie je to iba p\u00f4vod na\u0161ich predkov, ale aj vz\u0165ahy medzi nimi, \u010do je d\u00f4le\u017eit\u00e9 pre pochopenie na\u0161ej \u201e\u017eivotnej cesty\u201c (tzv. biodrom\u00e1lny pr\u00edstup). V takomto kontexte a na tomto mieste nejde nezmieni\u0165 <em>Anne Anceline Schuetzenbergerovou<\/em> \u2013 franc\u00fazku psychoanalyti\u010dku (1919 \u2013 2018) ktor\u00e1 sa domnieva, \u017ee z\u00e1ujem, poznanie a pochopenie \u017eivota vlastn\u00fdch predkov prinieslo mnoh\u00fdm z jej klientiek a klientov nielen psychick\u00fa \u00fa\u013eavu, ale aj zlep\u0161enie ich zdravotn\u00e9ho stavu \u010di dokonca \u00fazdravu v pr\u00edpade zd\u00e1nlivo bezn\u00e1dejn\u00e9ho stavu \u010di choroby.<\/p>\n\n\n\n<p>Term\u00ednom \u201e<em>psychobiografia<\/em>\u201c (resp. psychobiografick\u00e1 met\u00f3da) je v s\u00fa\u010dasnej dobe ozna\u010dovan\u00e9 sna\u017eenie niektor\u00fdch autorov \u2013 zv\u00e4\u010d\u0161a humanitne zameran\u00fdch \u2013 usiluj\u00facich sa vysledova\u0165 niektor\u00e9 s\u00favislosti &#8211; \u010di dokonca z\u00e1vislosti &#8211; v chovan\u00ed a \u017eivotoch niektor\u00fdch zn\u00e1mych \u010di dokonca v\u00fdznamn\u00fdch historick\u00fdch (pr\u00edp. aj t\u00fdch \u017eij\u00facich) osobnost\u00ed \u2013 vojvodcov, politikov, vedcov, spisovate\u013eov (ale aj tzv. s\u00e9riov\u00fdch vrahov) atp. . Tak\u00fdto pr\u00edstup samozrejme vy\u017eaduje dokonal\u00fa znalos\u0165 historick\u00fdch faktov a okolnost\u00ed \u017eivotask\u00faman\u00fdch os\u00f4b, ale aj ich \u201ez\u00e1kulisn\u00fdch s\u00favislost\u00ed\u201c- napr. osobnej kore\u0161pondencie, den\u00edkov, atp. . A v pr\u00edpade e\u0161te \u017eij\u00facich osobnost\u00ed sa to \u010dasto neob\u00edde bez osobn\u00e9ho kontaktu \u010di dokonca vz\u0165ahu. Pozornos\u0165 pritom venujeme samozrejme cel\u00e9mu \u017eivotu sledovan\u00e9ho \u010dloveka &#8211; napr. jeho \u010di jej v\u00fdchove v detstve, z\u00e1ujmom, vzdel\u00e1vaniu, v\u00fdznamn\u00fdm \u017eivotn\u00fdm udalostiam ako partnersk\u00fd \u017eivot, pracovn\u00e9 \u00faspechy \u010di ne\u00faspechy, pre\u017eit\u00e9 traumy, atp. . Pomerne m\u00e1lo systematickej pozornosti v\u0161ak b\u00fdva venovan\u00e9 rodinn\u00fdm predkom za horizontom rodi\u010dovskej v\u00fdchovy \u2013 star\u00fdm rodi\u010dom \u010di e\u0161te \u010falej.<\/p>\n\n\n\n<p>Geneal\u00f3gova asi najlep\u0161ie vedia, ak\u00e9 \u0165a\u017ek\u00e9 a pracn\u00e9 je z\u00edsk\u00e1vanie \u00fadajov v takomto kontexte.<\/p>\n\n\n\n<p>Ak v\u0161ak pripust\u00edme, \u017ee v \u017eivote na\u0161ich prarodi\u010dov (star\u00fdch rodi\u010dov) je zhusten\u00e1 a zhmotnen\u00e1 hist\u00f3ria predch\u00e1dzaj\u00facich gener\u00e1ci\u00ed predkov, mohli by sme vych\u00e1dza\u0165 z predpokladu, \u017ee aj znalos\u0165 \u017eivota na\u0161ich rodi\u010dov a prarodi\u010dov m\u00f4\u017ee do zna\u010dnej miery prispie\u0165 k pochopeniu n\u00e1\u0161ho \u201eosudu.\u201c Ot\u00e1zkou v\u0161ak zost\u00e1va, ak\u00e9 \u201esign\u00e1ly\u201c n\u00e1m tak\u00e1to rodinn\u00e1 hist\u00f3ria prin\u00e1\u0161a a \u010di ich dok\u00e1\u017eeme zachyti\u0165 a pochopi\u0165\u2026<\/p>\n\n\n\n<p>Ale to, \u010do som si dovolil ozna\u010di\u0165 ako <em>Psycho-genealogick\u00e1 <\/em><em>&amp; -b<\/em><em>iografick\u00e1 <\/em><em>a<\/em><em>nal\u00fdza <\/em>by mohlo ma\u0165 aj in\u00fd rozmer ako pochopenie n\u00e1\u0161ho vlastn\u00e9ho osudu. D\u00f4le\u017eit\u00e9 je samozrejme aj to, ak\u00fd dopad by mohlo ma\u0165 na\u0161e chovanie (n\u00e1\u0161 osud!) na okolie, ktor\u00e9 n\u00e1s obklopuje a v ktorom \u017eijeme a m\u00f4\u017eeme ho aj spoluvytv\u00e1ra\u0165\u201c. \u2013 Dovo\u013ete pr\u00edklad: <em>U\u017e nieko\u013eko rokov sa oz\u00fdvaj\u00fa hlasy, ktor\u00e9 volaj\u00fa po d\u00f4kladnej\u0161om (a lep\u0161om!) v\u00fdbere osobnost\u00ed, ktor\u00e9 ovliv\u0148uj\u00fa n\u00e1\u0161 \u017eivot v tzv. verejnom priestore (poslanci, politici, <\/em><em>sudcovia a prokur\u00e1tori, <\/em><em>ozbrojen\u00e9 a repres\u00edvne zlo\u017eky, atp.)<\/em> <em>Najv\u00e4\u010d\u0161ie n\u00e1deje, ak sa nem\u00fdlim, sa pritom vkladaj\u00fa do \u201epsycholoick\u00fdch testov\u201c, hoci samotn\u00ed psychol\u00f3govia a psychologi\u010dky sa v tomto smere vyjadruj\u00fa pomerne zdr\u017eanlivo. <\/em><em>A<\/em> <em>asi vedia pre\u010do, <\/em><em>lebo spo\u013eahlivos\u0165 takejto \u201eproced\u00fary\u201c nemus\u00ed by\u0165 v s\u00fa\u010dasnosti vysok\u00e1 a riziko \u201eodplaty\u201c zo strany ne\u00faspe\u0161n\u00fdch kandid\u00e1tov sa zd\u00e1 by\u0165 v na\u0161om politickom syst\u00e9me celkom re\u00e1lne. Spo\u013eahlivos\u0165 psychologick\u00fdch testov by v\u0161ak bolo mo\u017en\u00e9, aspo\u0148 pod\u013ea m\u00f4jho s\u00fadu, zv\u00fd\u0161i\u0165 pr\u00e1ve cestou takejto Psycho-genealogickej &amp; &#8211; biografickej anal\u00fdzy, ale zatia\u013e som nezaznamenal na Slovensku pokus o jej aplik\u00e1ciu a vyu\u017eitie v re\u00e1lnej praxi. A aj informovanos\u0165 o samotnej psychogeneal\u00f3gii sa u n\u00e1s \u2013 na rozdiel od susedn\u00e9ho Po\u013eska \u2013 zd\u00e1 by\u0165 na pomerne n\u00edzkej \u00farovni.<\/em><\/p>\n\n\n\n<p><em>To by mohla by\u0165 aj jedna z pr\u00ed\u010din, pre\u010do sa nevenuje viacej pozornosti mo\u017enostiam a potenci\u00e1lu <strong>P-b-<\/strong><strong>a<\/strong> pri v\u00fdbere reprezentatov politickej moci a tomu, z akej rodiny t\u00edto poch\u00e1dzaj\u00fa. Pre\u010do sa viac nehodnot\u00ed chovanie, ako aj dedi\u010dn\u00e9 a charakterov\u00e9 znaky \u010di predpoklady minim\u00e1lne ich rodi\u010dov a prarodi\u010dov? A \u017ee s t\u00fdm mnoh\u00ed zo s\u00fa\u010dasn\u00fdch protagonistov na\u0161ej politickej a \u0161t\u00e1tnej moci nebud\u00fa s\u00fahlasi\u0165, to je viac ako ist\u00e9. Ak\u00fd je v\u0161ak V\u00e1\u0161 n\u00e1zor? Ako sa na tak\u00fato mo\u017enos\u0165 d\u00edvate Vy?<\/em> (PhDr. Pavel Be\u0148o)<\/p>\n","protected":false},"excerpt":{"rendered":"<p>Ak pripust\u00edme, \u017ee k\u013e\u00fa\u010d k rozl\u00fa\u0161teniu a poznaniu toho, \u010do b\u00fdva obvykle pova\u017eovan\u00e9 \u010di ozna\u010dovan\u00e9 ako \u201em\u00f4j osud\u201c by mohol by\u0165 \u201eza\u0161ifrovan\u00fd\u201c v \u017eivote na\u0161ich rodinn\u00fdch predkov, dostane rozmer poznania a pochopenie na\u0161ej rodinnej hist\u00f3rie celkom in\u00fa v\u00fdznamov\u00fa dimenziu. P\u00e1tranie po vlastnom p\u00f4vode a poznanie predkov je zrejme prirodzenou potrebou a s\u00fa\u010das\u0165ou \u017eivota \u010dloveka, ktor\u00e1 &hellip; <\/p>\n","protected":false},"author":1,"featured_media":3323,"comment_status":"open","ping_status":"open","sticky":false,"template":"","format":"standard","meta":{"footnotes":""},"categories":[1],"tags":[],"class_list":["post-3321","post","type-post","status-publish","format-standard","has-post-thumbnail","hentry","category-uncategorized","latest_post"],"_links":{"self":[{"href":"https:\/\/www.koreneakotvy.eu\/index.php?rest_route=\/wp\/v2\/posts\/3321","targetHints":{"allow":["GET"]}}],"collection":[{"href":"https:\/\/www.koreneakotvy.eu\/index.php?rest_route=\/wp\/v2\/posts"}],"about":[{"href":"https:\/\/www.koreneakotvy.eu\/index.php?rest_route=\/wp\/v2\/types\/post"}],"author":[{"embeddable":true,"href":"https:\/\/www.koreneakotvy.eu\/index.php?rest_route=\/wp\/v2\/users\/1"}],"replies":[{"embeddable":true,"href":"https:\/\/www.koreneakotvy.eu\/index.php?rest_route=%2Fwp%2Fv2%2Fcomments&post=3321"}],"version-history":[{"count":4,"href":"https:\/\/www.koreneakotvy.eu\/index.php?rest_route=\/wp\/v2\/posts\/3321\/revisions"}],"predecessor-version":[{"id":3328,"href":"https:\/\/www.koreneakotvy.eu\/index.php?rest_route=\/wp\/v2\/posts\/3321\/revisions\/3328"}],"wp:featuredmedia":[{"embeddable":true,"href":"https:\/\/www.koreneakotvy.eu\/index.php?rest_route=\/wp\/v2\/media\/3323"}],"wp:attachment":[{"href":"https:\/\/www.koreneakotvy.eu\/index.php?rest_route=%2Fwp%2Fv2%2Fmedia&parent=3321"}],"wp:term":[{"taxonomy":"category","embeddable":true,"href":"https:\/\/www.koreneakotvy.eu\/index.php?rest_route=%2Fwp%2Fv2%2Fcategories&post=3321"},{"taxonomy":"post_tag","embeddable":true,"href":"https:\/\/www.koreneakotvy.eu\/index.php?rest_route=%2Fwp%2Fv2%2Ftags&post=3321"}],"curies":[{"name":"wp","href":"https:\/\/api.w.org\/{rel}","templated":true}]}}